{"id":15840,"date":"2016-08-10T18:51:44","date_gmt":"2016-08-10T16:51:44","guid":{"rendered":"https:\/\/mellos1986.com\/es\/?p=15840"},"modified":"2016-08-10T18:51:44","modified_gmt":"2016-08-10T16:51:44","slug":"nuevos-patrocinadores-tecnicos","status":"publish","type":"post","link":"https:\/\/mellos1986.com\/es\/nuevos-patrocinadores-tecnicos\/","title":{"rendered":"NUEVOS PATROCINADORES T\u00c9CNICOS"},"content":{"rendered":"<p>NUEVOS PATROCINADORES T\u00c9CNICOS<br \/>\nEsta temporada MELLO&#8217;s refuerza su presencia en el sector de la escalada deportiva uni\u00e9ndose a una asociaci\u00f3n que lleva a\u00f1os promoviendo esta disciplina sobre todo entre los j\u00f3venes. Ya a partir de los Campeonatos Italianos Juveniles que se celebran en Arco, los chicos lucen las nuevas equipaciones. Buena suerte a todos.<\/p>\n","protected":false},"excerpt":{"rendered":"<p>NUEVOS PATROCINADORES T\u00c9CNICOS Esta temporada MELLO&#8217;s refuerza su presencia en el sector de la escalada deportiva uni\u00e9ndose a una asociaci\u00f3n que lleva a\u00f1os promoviendo esta disciplina sobre todo entre los j\u00f3venes. Ya a partir de los Campeonatos Italianos Juveniles que se celebran en Arco, los chicos lucen las nuevas equipaciones. Buena suerte a todos.<\/p>\n","protected":false},"author":2,"featured_media":15566,"comment_status":"open","ping_status":"open","sticky":false,"template":"","format":"standard","meta":{"content-type":"","_uf_show_specific_survey":0,"_uf_disable_surveys":false,"footnotes":""},"categories":[87,726],"tags":[],"class_list":["post-15840","post","type-post","status-publish","format-standard","has-post-thumbnail","hentry","category-blog","category-partner-es"],"blocksy_meta":{"styles_descriptor":{"styles":{"desktop":"","tablet":"","mobile":""},"google_fonts":[],"version":7}},"aioseo_notices":[],"aioseo_head":"\n\t\t<!-- All in One SEO 5.0.1.1 - aioseo.com -->\n\t<meta name=\"description\" content=\"NUEVOS PATROCINADORES T\u00c9CNICOS Esta temporada MELLO&#039;s refuerza su presencia en el sector de la escalada deportiva uni\u00e9ndose a una asociaci\u00f3n que lleva a\u00f1os promoviendo esta disciplina sobre todo entre los j\u00f3venes. Ya a partir de los Campeonatos Italianos Juveniles que se celebran en Arco, los chicos lucen las nuevas equipaciones. Buena suerte a todos.\" \/>\n\t<meta name=\"robots\" content=\"max-image-preview:large\" \/>\n\t<meta name=\"author\" content=\"Giovanni Fimiani\"\/>\n\t<link rel=\"canonical\" href=\"https:\/\/mellos1986.com\/es\/nuevos-patrocinadores-tecnicos\/\" \/>\n\t<meta name=\"generator\" content=\"All in One SEO (AIOSEO) 5.0.1.1\" \/>\n\t\t<meta property=\"og:locale\" content=\"es_ES\" \/>\n\t\t<meta property=\"og:site_name\" content=\"Ropa T\u00e9cnica Deportiva de Monta\u00f1a | Mello&#039;s | Ropa deportiva t\u00e9cnica de monta\u00f1a\" \/>\n\t\t<meta property=\"og:type\" content=\"article\" \/>\n\t\t<meta property=\"og:title\" content=\"NUEVOS PATROCINADORES T\u00c9CNICOS | Ropa T\u00e9cnica Deportiva de Monta\u00f1a | Mello&#039;s\" \/>\n\t\t<meta property=\"og:description\" content=\"NUEVOS PATROCINADORES T\u00c9CNICOS Esta temporada MELLO&#039;s refuerza su presencia en el sector de la escalada deportiva uni\u00e9ndose a una asociaci\u00f3n que lleva a\u00f1os promoviendo esta disciplina sobre todo entre los j\u00f3venes. Ya a partir de los Campeonatos Italianos Juveniles que se celebran en Arco, los chicos lucen las nuevas equipaciones. Buena suerte a todos.\" \/>\n\t\t<meta property=\"og:url\" content=\"https:\/\/mellos1986.com\/es\/nuevos-patrocinadores-tecnicos\/\" \/>\n\t\t<meta property=\"og:image\" content=\"https:\/\/mellos1986.com\/wp-content\/uploads\/2023\/06\/logo-nero-mellos.png?wsr\" \/>\n\t\t<meta property=\"og:image:secure_url\" content=\"https:\/\/mellos1986.com\/wp-content\/uploads\/2023\/06\/logo-nero-mellos.png?wsr\" \/>\n\t\t<meta property=\"og:image:width\" content=\"300\" \/>\n\t\t<meta property=\"og:image:height\" content=\"87\" \/>\n\t\t<meta property=\"article:published_time\" content=\"2016-08-10T16:51:44+00:00\" \/>\n\t\t<meta property=\"article:modified_time\" content=\"2016-08-10T16:51:44+00:00\" \/>\n\t\t<meta property=\"article:publisher\" content=\"https:\/\/www.facebook.com\/mellosbutterfly\" \/>\n\t\t<meta name=\"twitter:card\" content=\"summary_large_image\" \/>\n\t\t<meta name=\"twitter:site\" content=\"@MELLOSBUTTERFLY\" \/>\n\t\t<meta name=\"twitter:title\" content=\"NUEVOS PATROCINADORES T\u00c9CNICOS | Ropa T\u00e9cnica Deportiva de Monta\u00f1a | Mello&#039;s\" \/>\n\t\t<meta name=\"twitter:description\" content=\"NUEVOS PATROCINADORES T\u00c9CNICOS Esta temporada MELLO&#039;s refuerza su presencia en el sector de la escalada deportiva uni\u00e9ndose a una asociaci\u00f3n que lleva a\u00f1os promoviendo esta disciplina sobre todo entre los j\u00f3venes. Ya a partir de los Campeonatos Italianos Juveniles que se celebran en Arco, los chicos lucen las nuevas equipaciones. Buena suerte a todos.\" \/>\n\t\t<meta name=\"twitter:creator\" content=\"@MELLOSBUTTERFLY\" \/>\n\t\t<meta name=\"twitter:image\" content=\"https:\/\/mellos1986.com\/wp-content\/uploads\/2023\/06\/logo-nero-mellos.png?wsr\" \/>\n\t\t<script type=\"application\/ld+json\" class=\"aioseo-schema\">\n\t\t\t{\"@context\":\"https:\\\/\\\/schema.org\",\"@graph\":[{\"@type\":\"Article\",\"@id\":\"https:\\\/\\\/mellos1986.com\\\/es\\\/nuevos-patrocinadores-tecnicos\\\/#article\",\"name\":\"NUEVOS PATROCINADORES T\\u00c9CNICOS | Ropa T\\u00e9cnica Deportiva de Monta\\u00f1a | Mello's\",\"headline\":\"NUEVOS PATROCINADORES T\\u00c9CNICOS\",\"author\":{\"@id\":\"https:\\\/\\\/mellos1986.com\\\/es\\\/author\\\/gfimiani\\\/#author\"},\"publisher\":{\"@id\":\"https:\\\/\\\/mellos1986.com\\\/es\\\/#organization\"},\"image\":{\"@type\":\"ImageObject\",\"url\":\"https:\\\/\\\/mellos1986.com\\\/wp-content\\\/uploads\\\/2016\\\/08\\\/logo_ac.png?wsr\",\"width\":165,\"height\":165,\"caption\":\"Logo Arco Climbing | Mello's\"},\"datePublished\":\"2016-08-10T18:51:44+02:00\",\"dateModified\":\"2016-08-10T18:51:44+02:00\",\"inLanguage\":\"es-ES\",\"mainEntityOfPage\":{\"@id\":\"https:\\\/\\\/mellos1986.com\\\/es\\\/nuevos-patrocinadores-tecnicos\\\/#webpage\"},\"isPartOf\":{\"@id\":\"https:\\\/\\\/mellos1986.com\\\/es\\\/nuevos-patrocinadores-tecnicos\\\/#webpage\"},\"articleSection\":\"Blog, Partners\"},{\"@type\":\"BreadcrumbList\",\"@id\":\"https:\\\/\\\/mellos1986.com\\\/es\\\/nuevos-patrocinadores-tecnicos\\\/#breadcrumblist\",\"itemListElement\":[{\"@type\":\"ListItem\",\"@id\":\"https:\\\/\\\/mellos1986.com\\\/es\\\/#listItem\",\"position\":1,\"name\":\"Home\",\"item\":\"https:\\\/\\\/mellos1986.com\\\/es\\\/\",\"nextItem\":{\"@type\":\"ListItem\",\"@id\":\"https:\\\/\\\/mellos1986.com\\\/es\\\/blog\\\/blog\\\/#listItem\",\"name\":\"Blog\"}},{\"@type\":\"ListItem\",\"@id\":\"https:\\\/\\\/mellos1986.com\\\/es\\\/blog\\\/blog\\\/#listItem\",\"position\":2,\"name\":\"Blog\",\"item\":\"https:\\\/\\\/mellos1986.com\\\/es\\\/blog\\\/blog\\\/\",\"nextItem\":{\"@type\":\"ListItem\",\"@id\":\"https:\\\/\\\/mellos1986.com\\\/es\\\/nuevos-patrocinadores-tecnicos\\\/#listItem\",\"name\":\"NUEVOS PATROCINADORES T\\u00c9CNICOS\"},\"previousItem\":{\"@type\":\"ListItem\",\"@id\":\"https:\\\/\\\/mellos1986.com\\\/es\\\/#listItem\",\"name\":\"Home\"}},{\"@type\":\"ListItem\",\"@id\":\"https:\\\/\\\/mellos1986.com\\\/es\\\/nuevos-patrocinadores-tecnicos\\\/#listItem\",\"position\":3,\"name\":\"NUEVOS PATROCINADORES T\\u00c9CNICOS\",\"previousItem\":{\"@type\":\"ListItem\",\"@id\":\"https:\\\/\\\/mellos1986.com\\\/es\\\/blog\\\/blog\\\/#listItem\",\"name\":\"Blog\"}}]},{\"@type\":\"Organization\",\"@id\":\"https:\\\/\\\/mellos1986.com\\\/es\\\/#organization\",\"name\":\"Mello's\",\"description\":\"Abbigliamento tecnico sportivo da montagna Made in Italy dal 1986.\",\"url\":\"https:\\\/\\\/mellos1986.com\\\/es\\\/\",\"foundingDate\":\"1986-01-01\",\"numberOfEmployees\":{\"@type\":\"QuantitativeValue\",\"minValue\":0,\"maxValue\":9},\"logo\":{\"@type\":\"ImageObject\",\"url\":\"https:\\\/\\\/mellos1986.com\\\/wp-content\\\/uploads\\\/2023\\\/06\\\/logo-nero-mellos.png?wsr\",\"@id\":\"https:\\\/\\\/mellos1986.com\\\/es\\\/nuevos-patrocinadores-tecnicos\\\/#organizationLogo\",\"width\":300,\"height\":87,\"caption\":\"Logo Mello's\"},\"image\":{\"@id\":\"https:\\\/\\\/mellos1986.com\\\/es\\\/nuevos-patrocinadores-tecnicos\\\/#organizationLogo\"},\"sameAs\":[\"https:\\\/\\\/www.facebook.com\\\/mellosbutterfly\",\"https:\\\/\\\/x.com\\\/MELLOSBUTTERFLY\",\"https:\\\/\\\/www.instagram.com\\\/mellos_butterfly\\\/\"]},{\"@type\":\"Person\",\"@id\":\"https:\\\/\\\/mellos1986.com\\\/es\\\/author\\\/gfimiani\\\/#author\",\"url\":\"https:\\\/\\\/mellos1986.com\\\/es\\\/author\\\/gfimiani\\\/\",\"name\":\"Giovanni Fimiani\",\"image\":{\"@type\":\"ImageObject\",\"@id\":\"https:\\\/\\\/mellos1986.com\\\/es\\\/nuevos-patrocinadores-tecnicos\\\/#authorImage\",\"url\":\"https:\\\/\\\/secure.gravatar.com\\\/avatar\\\/a3ddc1d9dbab9805363171f41e1ed8d5d378515ea2864c37e9045ab2dc0ff8f7?s=96&d=mm&r=g\",\"width\":96,\"height\":96,\"caption\":\"Giovanni Fimiani\"}},{\"@type\":\"WebPage\",\"@id\":\"https:\\\/\\\/mellos1986.com\\\/es\\\/nuevos-patrocinadores-tecnicos\\\/#webpage\",\"url\":\"https:\\\/\\\/mellos1986.com\\\/es\\\/nuevos-patrocinadores-tecnicos\\\/\",\"name\":\"NUEVOS PATROCINADORES T\\u00c9CNICOS | Ropa T\\u00e9cnica Deportiva de Monta\\u00f1a | Mello's\",\"description\":\"NUEVOS PATROCINADORES T\\u00c9CNICOS Esta temporada MELLO's refuerza su presencia en el sector de la escalada deportiva uni\\u00e9ndose a una asociaci\\u00f3n que lleva a\\u00f1os promoviendo esta disciplina sobre todo entre los j\\u00f3venes. Ya a partir de los Campeonatos Italianos Juveniles que se celebran en Arco, los chicos lucen las nuevas equipaciones. Buena suerte a todos.\",\"inLanguage\":\"es-ES\",\"isPartOf\":{\"@id\":\"https:\\\/\\\/mellos1986.com\\\/es\\\/#website\"},\"breadcrumb\":{\"@id\":\"https:\\\/\\\/mellos1986.com\\\/es\\\/nuevos-patrocinadores-tecnicos\\\/#breadcrumblist\"},\"author\":{\"@id\":\"https:\\\/\\\/mellos1986.com\\\/es\\\/author\\\/gfimiani\\\/#author\"},\"creator\":{\"@id\":\"https:\\\/\\\/mellos1986.com\\\/es\\\/author\\\/gfimiani\\\/#author\"},\"image\":{\"@type\":\"ImageObject\",\"url\":\"https:\\\/\\\/mellos1986.com\\\/wp-content\\\/uploads\\\/2016\\\/08\\\/logo_ac.png?wsr\",\"@id\":\"https:\\\/\\\/mellos1986.com\\\/es\\\/nuevos-patrocinadores-tecnicos\\\/#mainImage\",\"width\":165,\"height\":165,\"caption\":\"Logo Arco Climbing | Mello's\"},\"primaryImageOfPage\":{\"@id\":\"https:\\\/\\\/mellos1986.com\\\/es\\\/nuevos-patrocinadores-tecnicos\\\/#mainImage\"},\"datePublished\":\"2016-08-10T18:51:44+02:00\",\"dateModified\":\"2016-08-10T18:51:44+02:00\"},{\"@type\":\"WebSite\",\"@id\":\"https:\\\/\\\/mellos1986.com\\\/es\\\/#website\",\"url\":\"https:\\\/\\\/mellos1986.com\\\/es\\\/\",\"name\":\"Ropa T\\u00e9cnica Deportiva de Monta\\u00f1a | Mello's\",\"description\":\"Ropa deportiva t\\u00e9cnica de monta\\u00f1a\",\"inLanguage\":\"es-ES\",\"publisher\":{\"@id\":\"https:\\\/\\\/mellos1986.com\\\/es\\\/#organization\"}}]}\n\t\t<\/script>\n\t\t<!-- All in One SEO -->\n\n","aioseo_head_json":{"title":"NUEVOS PATROCINADORES T\u00c9CNICOS | Ropa T\u00e9cnica Deportiva de Monta\u00f1a | Mello's","description":"NUEVOS PATROCINADORES T\u00c9CNICOS Esta temporada MELLO's refuerza su presencia en el sector de la escalada deportiva uni\u00e9ndose a una asociaci\u00f3n que lleva a\u00f1os promoviendo esta disciplina sobre todo entre los j\u00f3venes. Ya a partir de los Campeonatos Italianos Juveniles que se celebran en Arco, los chicos lucen las nuevas equipaciones. Buena suerte a todos.","canonical_url":"https:\/\/mellos1986.com\/es\/nuevos-patrocinadores-tecnicos\/","robots":"max-image-preview:large","keywords":"","webmasterTools":{"miscellaneous":""},"schema":{"@context":"https:\/\/schema.org","@graph":[{"@type":"Article","@id":"https:\/\/mellos1986.com\/es\/nuevos-patrocinadores-tecnicos\/#article","name":"NUEVOS PATROCINADORES T\u00c9CNICOS | Ropa T\u00e9cnica Deportiva de Monta\u00f1a | Mello's","headline":"NUEVOS PATROCINADORES T\u00c9CNICOS","author":{"@id":"https:\/\/mellos1986.com\/es\/author\/gfimiani\/#author"},"publisher":{"@id":"https:\/\/mellos1986.com\/es\/#organization"},"image":{"@type":"ImageObject","url":"https:\/\/mellos1986.com\/wp-content\/uploads\/2016\/08\/logo_ac.png?wsr","width":165,"height":165,"caption":"Logo Arco Climbing | Mello's"},"datePublished":"2016-08-10T18:51:44+02:00","dateModified":"2016-08-10T18:51:44+02:00","inLanguage":"es-ES","mainEntityOfPage":{"@id":"https:\/\/mellos1986.com\/es\/nuevos-patrocinadores-tecnicos\/#webpage"},"isPartOf":{"@id":"https:\/\/mellos1986.com\/es\/nuevos-patrocinadores-tecnicos\/#webpage"},"articleSection":"Blog, Partners"},{"@type":"BreadcrumbList","@id":"https:\/\/mellos1986.com\/es\/nuevos-patrocinadores-tecnicos\/#breadcrumblist","itemListElement":[{"@type":"ListItem","@id":"https:\/\/mellos1986.com\/es\/#listItem","position":1,"name":"Home","item":"https:\/\/mellos1986.com\/es\/","nextItem":{"@type":"ListItem","@id":"https:\/\/mellos1986.com\/es\/blog\/blog\/#listItem","name":"Blog"}},{"@type":"ListItem","@id":"https:\/\/mellos1986.com\/es\/blog\/blog\/#listItem","position":2,"name":"Blog","item":"https:\/\/mellos1986.com\/es\/blog\/blog\/","nextItem":{"@type":"ListItem","@id":"https:\/\/mellos1986.com\/es\/nuevos-patrocinadores-tecnicos\/#listItem","name":"NUEVOS PATROCINADORES T\u00c9CNICOS"},"previousItem":{"@type":"ListItem","@id":"https:\/\/mellos1986.com\/es\/#listItem","name":"Home"}},{"@type":"ListItem","@id":"https:\/\/mellos1986.com\/es\/nuevos-patrocinadores-tecnicos\/#listItem","position":3,"name":"NUEVOS PATROCINADORES T\u00c9CNICOS","previousItem":{"@type":"ListItem","@id":"https:\/\/mellos1986.com\/es\/blog\/blog\/#listItem","name":"Blog"}}]},{"@type":"Organization","@id":"https:\/\/mellos1986.com\/es\/#organization","name":"Mello's","description":"Abbigliamento tecnico sportivo da montagna Made in Italy dal 1986.","url":"https:\/\/mellos1986.com\/es\/","foundingDate":"1986-01-01","numberOfEmployees":{"@type":"QuantitativeValue","minValue":0,"maxValue":9},"logo":{"@type":"ImageObject","url":"https:\/\/mellos1986.com\/wp-content\/uploads\/2023\/06\/logo-nero-mellos.png?wsr","@id":"https:\/\/mellos1986.com\/es\/nuevos-patrocinadores-tecnicos\/#organizationLogo","width":300,"height":87,"caption":"Logo Mello's"},"image":{"@id":"https:\/\/mellos1986.com\/es\/nuevos-patrocinadores-tecnicos\/#organizationLogo"},"sameAs":["https:\/\/www.facebook.com\/mellosbutterfly","https:\/\/x.com\/MELLOSBUTTERFLY","https:\/\/www.instagram.com\/mellos_butterfly\/"]},{"@type":"Person","@id":"https:\/\/mellos1986.com\/es\/author\/gfimiani\/#author","url":"https:\/\/mellos1986.com\/es\/author\/gfimiani\/","name":"Giovanni Fimiani","image":{"@type":"ImageObject","@id":"https:\/\/mellos1986.com\/es\/nuevos-patrocinadores-tecnicos\/#authorImage","url":"https:\/\/secure.gravatar.com\/avatar\/a3ddc1d9dbab9805363171f41e1ed8d5d378515ea2864c37e9045ab2dc0ff8f7?s=96&d=mm&r=g","width":96,"height":96,"caption":"Giovanni Fimiani"}},{"@type":"WebPage","@id":"https:\/\/mellos1986.com\/es\/nuevos-patrocinadores-tecnicos\/#webpage","url":"https:\/\/mellos1986.com\/es\/nuevos-patrocinadores-tecnicos\/","name":"NUEVOS PATROCINADORES T\u00c9CNICOS | Ropa T\u00e9cnica Deportiva de Monta\u00f1a | Mello's","description":"NUEVOS PATROCINADORES T\u00c9CNICOS Esta temporada MELLO's refuerza su presencia en el sector de la escalada deportiva uni\u00e9ndose a una asociaci\u00f3n que lleva a\u00f1os promoviendo esta disciplina sobre todo entre los j\u00f3venes. Ya a partir de los Campeonatos Italianos Juveniles que se celebran en Arco, los chicos lucen las nuevas equipaciones. Buena suerte a todos.","inLanguage":"es-ES","isPartOf":{"@id":"https:\/\/mellos1986.com\/es\/#website"},"breadcrumb":{"@id":"https:\/\/mellos1986.com\/es\/nuevos-patrocinadores-tecnicos\/#breadcrumblist"},"author":{"@id":"https:\/\/mellos1986.com\/es\/author\/gfimiani\/#author"},"creator":{"@id":"https:\/\/mellos1986.com\/es\/author\/gfimiani\/#author"},"image":{"@type":"ImageObject","url":"https:\/\/mellos1986.com\/wp-content\/uploads\/2016\/08\/logo_ac.png?wsr","@id":"https:\/\/mellos1986.com\/es\/nuevos-patrocinadores-tecnicos\/#mainImage","width":165,"height":165,"caption":"Logo Arco Climbing | Mello's"},"primaryImageOfPage":{"@id":"https:\/\/mellos1986.com\/es\/nuevos-patrocinadores-tecnicos\/#mainImage"},"datePublished":"2016-08-10T18:51:44+02:00","dateModified":"2016-08-10T18:51:44+02:00"},{"@type":"WebSite","@id":"https:\/\/mellos1986.com\/es\/#website","url":"https:\/\/mellos1986.com\/es\/","name":"Ropa T\u00e9cnica Deportiva de Monta\u00f1a | Mello's","description":"Ropa deportiva t\u00e9cnica de monta\u00f1a","inLanguage":"es-ES","publisher":{"@id":"https:\/\/mellos1986.com\/es\/#organization"}}]},"og:locale":"es_ES","og:site_name":"Ropa T\u00e9cnica Deportiva de Monta\u00f1a | Mello's | Ropa deportiva t\u00e9cnica de monta\u00f1a","og:type":"article","og:title":"NUEVOS PATROCINADORES T\u00c9CNICOS | Ropa T\u00e9cnica Deportiva de Monta\u00f1a | Mello's","og:description":"NUEVOS PATROCINADORES T\u00c9CNICOS Esta temporada MELLO's refuerza su presencia en el sector de la escalada deportiva uni\u00e9ndose a una asociaci\u00f3n que lleva a\u00f1os promoviendo esta disciplina sobre todo entre los j\u00f3venes. Ya a partir de los Campeonatos Italianos Juveniles que se celebran en Arco, los chicos lucen las nuevas equipaciones. Buena suerte a todos.","og:url":"https:\/\/mellos1986.com\/es\/nuevos-patrocinadores-tecnicos\/","og:image":"https:\/\/mellos1986.com\/wp-content\/uploads\/2023\/06\/logo-nero-mellos.png?wsr","og:image:secure_url":"https:\/\/mellos1986.com\/wp-content\/uploads\/2023\/06\/logo-nero-mellos.png?wsr","og:image:width":300,"og:image:height":87,"article:published_time":"2016-08-10T16:51:44+00:00","article:modified_time":"2016-08-10T16:51:44+00:00","article:publisher":"https:\/\/www.facebook.com\/mellosbutterfly","twitter:card":"summary_large_image","twitter:site":"@MELLOSBUTTERFLY","twitter:title":"NUEVOS PATROCINADORES T\u00c9CNICOS | Ropa T\u00e9cnica Deportiva de Monta\u00f1a | Mello's","twitter:description":"NUEVOS PATROCINADORES T\u00c9CNICOS Esta temporada MELLO's refuerza su presencia en el sector de la escalada deportiva uni\u00e9ndose a una asociaci\u00f3n que lleva a\u00f1os promoviendo esta disciplina sobre todo entre los j\u00f3venes. Ya a partir de los Campeonatos Italianos Juveniles que se celebran en Arco, los chicos lucen las nuevas equipaciones. Buena suerte a todos.","twitter:creator":"@MELLOSBUTTERFLY","twitter:image":"https:\/\/mellos1986.com\/wp-content\/uploads\/2023\/06\/logo-nero-mellos.png?wsr"},"aioseo_meta_data":{"post_id":"15840","title":null,"description":null,"keywords":null,"keyphrases":null,"primary_term":null,"canonical_url":null,"og_title":null,"og_description":null,"og_object_type":"default","og_image_type":"default","og_image_url":null,"og_image_width":null,"og_image_height":null,"og_image_custom_url":null,"og_image_custom_fields":null,"og_video":null,"og_custom_url":null,"og_article_section":null,"og_article_tags":null,"twitter_use_og":false,"twitter_card":"default","twitter_image_type":"default","twitter_image_url":null,"twitter_image_custom_url":null,"twitter_image_custom_fields":null,"twitter_title":null,"twitter_description":null,"schema":{"blockGraphs":[],"customGraphs":[],"default":{"data":{"Article":[],"Course":[],"Dataset":[],"FAQPage":[],"Movie":[],"Person":[],"Product":[],"ProductReview":[],"Car":[],"Recipe":[],"Service":[],"SoftwareApplication":[],"WebPage":[]},"graphName":"Article","isEnabled":true},"graphs":[]},"schema_type":"default","schema_type_options":null,"pillar_content":false,"robots_default":true,"robots_noindex":false,"robots_noarchive":false,"robots_nosnippet":false,"robots_nofollow":false,"robots_noimageindex":false,"robots_noodp":false,"robots_notranslate":false,"robots_max_snippet":null,"robots_max_videopreview":null,"robots_max_imagepreview":"large","priority":null,"frequency":null,"local_seo":null,"limit_modified_date":false,"created":"2024-08-11 22:12:11","updated":"2026-08-09 15:08:37","focus_keyword":null,"additional_keywords":null,"truseo_locale":null,"ai":null,"breadcrumb_settings":null,"seo_analyzer_scan_date":null},"aioseo_breadcrumb":"<div class=\"aioseo-breadcrumbs\"><span class=\"aioseo-breadcrumb\">\n\t\t\t<a href=\"https:\/\/mellos1986.com\/es\/\" title=\"Home\">Home<\/a>\n\t\t<\/span><span class=\"aioseo-breadcrumb-separator\">&raquo;<\/span><span class=\"aioseo-breadcrumb\">\n\t\t\t<a href=\"https:\/\/mellos1986.com\/es\/blog\/blog\/\" title=\"Blog\">Blog<\/a>\n\t\t<\/span><span class=\"aioseo-breadcrumb-separator\">&raquo;<\/span><span class=\"aioseo-breadcrumb\">\n\t\t\tNUEVOS PATROCINADORES T\u00c9CNICOS\n\t\t<\/span><\/div>","aioseo_breadcrumb_json":[{"label":"Home","link":"https:\/\/mellos1986.com\/es\/"},{"label":"Blog","link":"https:\/\/mellos1986.com\/es\/blog\/blog\/"},{"label":"NUEVOS PATROCINADORES T\u00c9CNICOS","link":"https:\/\/mellos1986.com\/es\/nuevos-patrocinadores-tecnicos\/"}],"_links":{"self":[{"href":"https:\/\/mellos1986.com\/es\/wp-json\/wp\/v2\/posts\/15840","targetHints":{"allow":["GET"]}}],"collection":[{"href":"https:\/\/mellos1986.com\/es\/wp-json\/wp\/v2\/posts"}],"about":[{"href":"https:\/\/mellos1986.com\/es\/wp-json\/wp\/v2\/types\/post"}],"author":[{"embeddable":true,"href":"https:\/\/mellos1986.com\/es\/wp-json\/wp\/v2\/users\/2"}],"replies":[{"embeddable":true,"href":"https:\/\/mellos1986.com\/es\/wp-json\/wp\/v2\/comments?post=15840"}],"version-history":[{"count":0,"href":"https:\/\/mellos1986.com\/es\/wp-json\/wp\/v2\/posts\/15840\/revisions"}],"wp:featuredmedia":[{"embeddable":true,"href":"https:\/\/mellos1986.com\/es\/wp-json\/wp\/v2\/media\/15566"}],"wp:attachment":[{"href":"https:\/\/mellos1986.com\/es\/wp-json\/wp\/v2\/media?parent=15840"}],"wp:term":[{"taxonomy":"category","embeddable":true,"href":"https:\/\/mellos1986.com\/es\/wp-json\/wp\/v2\/categories?post=15840"},{"taxonomy":"post_tag","embeddable":true,"href":"https:\/\/mellos1986.com\/es\/wp-json\/wp\/v2\/tags?post=15840"}],"curies":[{"name":"wp","href":"https:\/\/api.w.org\/{rel}","templated":true}]}}